{"id":7607,"date":"2025-01-31T19:20:04","date_gmt":"2025-01-31T17:20:04","guid":{"rendered":"https:\/\/art-mu.fr\/?p=7607"},"modified":"2025-08-16T20:34:49","modified_gmt":"2025-08-16T18:34:49","slug":"changement-de-webmaster","status":"publish","type":"post","link":"https:\/\/art-mu.fr\/?p=7607","title":{"rendered":"Changement de Webmaster"},"content":{"rendered":"\n<p><\/p>\n\n\n\n<p><\/p>\n\n\n\n<p>Jean-Luc, notre ancien secr\u00e9taire qui assurait, dans le cadre de ce poste, la mise-\u00e0-jour et la plupart des reportages photos de ce site depuis plusieurs ann\u00e9es a quitt\u00e9 (provisoirement ?) l&rsquo;association avant l&rsquo;AG de novembre 2024 mais a bien voulu continuer \u00e0 assurer la mise \u00e0 jour de ce site <em>(ainsi que l&rsquo;alimentation du compte Instagram) <\/em>jusqu&rsquo;\u00e0 ce 31 janvier 2025 dans l&rsquo;attente de la red\u00e9finition des responsabilit\u00e9s au sein du bureau et du comit\u00e9.<\/p>\n\n\n\n<p>Un nouveau bureau ayant \u00e9t\u00e9 \u00e9lu lors de la r\u00e9union de comit\u00e9 de mi-janvier, Jean-Luc a donc pu passer le relais et cesse donc d\u00e9sormais d&rsquo;assurer les mises \u00e0 jour, mais le nouveau webmaster doit se former&#8230;<\/p>\n\n\n\n<p><\/p>\n","protected":false},"excerpt":{"rendered":"<p>Jean-Luc, notre ancien secr\u00e9taire qui assurait, dans le cadre de ce poste, la mise-\u00e0-jour et la plupart des reportages photos de ce site depuis plusieurs ann\u00e9es a quitt\u00e9 (provisoirement ?) l&rsquo;association avant l&rsquo;AG de novembre 2024 mais a bien voulu continuer \u00e0 assurer la mise \u00e0 jour de ce site (ainsi que l&rsquo;alimentation du compte [&hellip;]<\/p>\n","protected":false},"author":3,"featured_media":0,"comment_status":"closed","ping_status":"closed","sticky":false,"template":"","format":"standard","meta":{"footnotes":""},"categories":[5],"tags":[],"class_list":["post-7607","post","type-post","status-publish","format-standard","hentry","category-vie-de-lassociation"],"_links":{"self":[{"href":"https:\/\/art-mu.fr\/index.php?rest_route=\/wp\/v2\/posts\/7607","targetHints":{"allow":["GET"]}}],"collection":[{"href":"https:\/\/art-mu.fr\/index.php?rest_route=\/wp\/v2\/posts"}],"about":[{"href":"https:\/\/art-mu.fr\/index.php?rest_route=\/wp\/v2\/types\/post"}],"author":[{"embeddable":true,"href":"https:\/\/art-mu.fr\/index.php?rest_route=\/wp\/v2\/users\/3"}],"replies":[{"embeddable":true,"href":"https:\/\/art-mu.fr\/index.php?rest_route=%2Fwp%2Fv2%2Fcomments&post=7607"}],"version-history":[{"count":7,"href":"https:\/\/art-mu.fr\/index.php?rest_route=\/wp\/v2\/posts\/7607\/revisions"}],"predecessor-version":[{"id":7656,"href":"https:\/\/art-mu.fr\/index.php?rest_route=\/wp\/v2\/posts\/7607\/revisions\/7656"}],"wp:attachment":[{"href":"https:\/\/art-mu.fr\/index.php?rest_route=%2Fwp%2Fv2%2Fmedia&parent=7607"}],"wp:term":[{"taxonomy":"category","embeddable":true,"href":"https:\/\/art-mu.fr\/index.php?rest_route=%2Fwp%2Fv2%2Fcategories&post=7607"},{"taxonomy":"post_tag","embeddable":true,"href":"https:\/\/art-mu.fr\/index.php?rest_route=%2Fwp%2Fv2%2Ftags&post=7607"}],"curies":[{"name":"wp","href":"https:\/\/api.w.org\/{rel}","templated":true}]}}