{"id":4482,"date":"2022-11-20T20:18:09","date_gmt":"2022-11-20T18:18:09","guid":{"rendered":"https:\/\/art-mu.fr\/?p=4482"},"modified":"2022-11-28T21:31:00","modified_gmt":"2022-11-28T19:31:00","slug":"artmu-au-marche-de-noel-de-la-salle-europa-a-montigny-les-metz-au-profit-des-restos-du-coeur","status":"publish","type":"post","link":"https:\/\/art-mu.fr\/?p=4482","title":{"rendered":"Art&rsquo;Mu au march\u00e9 de No\u00ebl de la Salle Europa \u00e0 Montigny-l\u00e8s-Metz au profit des Restos du Coeur"},"content":{"rendered":"\n<p>Notre association a tenu un stand \u00ab\u00a0vide ateliers\u00a0\u00bb au march\u00e9 de No\u00ebl de la salle Europa \u00e0 Montigny l\u00e8s Metz du vendredi 25 novembre apr\u00e8s-midi au dimanche 27 au soir.<\/p>\n\n\n\n<p>Nous sommes loin d&rsquo;avoir vendu toutes les oeuvres propos\u00e9es mais plus de 1700 euros vont pouvoir \u00eatre ainsi vers\u00e9s aux Restos du Coeur.<\/p>\n\n\n\n<p>Merci aux acheteurs, merci aux artistes donateurs, merci \u00e0 ceux qui ont assur\u00e9 les permanences et merci \u00e0 la municipalit\u00e9 et \u00e0 toute l&rsquo;\u00e9quipe d&rsquo;organisation de ce march\u00e9 de No\u00ebl.<\/p>\n\n\n\n<figure class=\"wp-block-gallery has-nested-images columns-default wp-block-gallery-1 is-layout-flex wp-block-gallery-is-layout-flex\">\n<figure class=\"wp-block-image size-full\"><a href=\"https:\/\/art-mu.fr\/wp-content\/uploads\/2022\/10\/2022_11_insta_marche-noel-1.jpg\"><img fetchpriority=\"high\" decoding=\"async\" width=\"1001\" height=\"1000\" data-id=\"4374\" src=\"https:\/\/art-mu.fr\/wp-content\/uploads\/2022\/10\/2022_11_insta_marche-noel-1.jpg\" alt=\"\" class=\"wp-image-4374\" srcset=\"https:\/\/art-mu.fr\/wp-content\/uploads\/2022\/10\/2022_11_insta_marche-noel-1.jpg 1001w, https:\/\/art-mu.fr\/wp-content\/uploads\/2022\/10\/2022_11_insta_marche-noel-1-300x300.jpg 300w, https:\/\/art-mu.fr\/wp-content\/uploads\/2022\/10\/2022_11_insta_marche-noel-1-150x150.jpg 150w, https:\/\/art-mu.fr\/wp-content\/uploads\/2022\/10\/2022_11_insta_marche-noel-1-768x767.jpg 768w\" sizes=\"(max-width: 1001px) 100vw, 1001px\" \/><\/a><\/figure>\n\n\n\n<figure class=\"wp-block-image size-full\"><a href=\"https:\/\/art-mu.fr\/wp-content\/uploads\/2022\/11\/2022_11_Insta-marche-Noel-cartes.jpg\"><img decoding=\"async\" width=\"1000\" height=\"999\" data-id=\"4436\" src=\"https:\/\/art-mu.fr\/wp-content\/uploads\/2022\/11\/2022_11_Insta-marche-Noel-cartes.jpg\" alt=\"\" class=\"wp-image-4436\" srcset=\"https:\/\/art-mu.fr\/wp-content\/uploads\/2022\/11\/2022_11_Insta-marche-Noel-cartes.jpg 1000w, https:\/\/art-mu.fr\/wp-content\/uploads\/2022\/11\/2022_11_Insta-marche-Noel-cartes-300x300.jpg 300w, https:\/\/art-mu.fr\/wp-content\/uploads\/2022\/11\/2022_11_Insta-marche-Noel-cartes-150x150.jpg 150w, https:\/\/art-mu.fr\/wp-content\/uploads\/2022\/11\/2022_11_Insta-marche-Noel-cartes-768x767.jpg 768w\" sizes=\"(max-width: 1000px) 100vw, 1000px\" \/><\/a><\/figure>\n\n\n\n<figure class=\"wp-block-image size-full\"><a href=\"https:\/\/art-mu.fr\/wp-content\/uploads\/2022\/11\/2022_11_insta_marche-Noel-2.jpg\"><img decoding=\"async\" width=\"1000\" height=\"1000\" data-id=\"4483\" src=\"https:\/\/art-mu.fr\/wp-content\/uploads\/2022\/11\/2022_11_insta_marche-Noel-2.jpg\" alt=\"\" class=\"wp-image-4483\" srcset=\"https:\/\/art-mu.fr\/wp-content\/uploads\/2022\/11\/2022_11_insta_marche-Noel-2.jpg 1000w, https:\/\/art-mu.fr\/wp-content\/uploads\/2022\/11\/2022_11_insta_marche-Noel-2-300x300.jpg 300w, https:\/\/art-mu.fr\/wp-content\/uploads\/2022\/11\/2022_11_insta_marche-Noel-2-150x150.jpg 150w, https:\/\/art-mu.fr\/wp-content\/uploads\/2022\/11\/2022_11_insta_marche-Noel-2-768x768.jpg 768w\" sizes=\"(max-width: 1000px) 100vw, 1000px\" \/><\/a><\/figure>\n\n\n\n<figure class=\"wp-block-image size-full\"><a href=\"https:\/\/art-mu.fr\/wp-content\/uploads\/2022\/11\/2022_11_insta_marche-Noel-3.jpg\"><img loading=\"lazy\" decoding=\"async\" width=\"1000\" height=\"1000\" data-id=\"4484\" src=\"https:\/\/art-mu.fr\/wp-content\/uploads\/2022\/11\/2022_11_insta_marche-Noel-3.jpg\" alt=\"\" class=\"wp-image-4484\" srcset=\"https:\/\/art-mu.fr\/wp-content\/uploads\/2022\/11\/2022_11_insta_marche-Noel-3.jpg 1000w, https:\/\/art-mu.fr\/wp-content\/uploads\/2022\/11\/2022_11_insta_marche-Noel-3-300x300.jpg 300w, https:\/\/art-mu.fr\/wp-content\/uploads\/2022\/11\/2022_11_insta_marche-Noel-3-150x150.jpg 150w, https:\/\/art-mu.fr\/wp-content\/uploads\/2022\/11\/2022_11_insta_marche-Noel-3-768x768.jpg 768w\" sizes=\"(max-width: 1000px) 100vw, 1000px\" \/><\/a><\/figure>\n\n\n\n<figure class=\"wp-block-image size-full\"><a href=\"https:\/\/art-mu.fr\/wp-content\/uploads\/2022\/11\/2022_11_insta_marche_4.jpg\"><img loading=\"lazy\" decoding=\"async\" width=\"1000\" height=\"1000\" data-id=\"4556\" src=\"https:\/\/art-mu.fr\/wp-content\/uploads\/2022\/11\/2022_11_insta_marche_4.jpg\" alt=\"\" class=\"wp-image-4556\" srcset=\"https:\/\/art-mu.fr\/wp-content\/uploads\/2022\/11\/2022_11_insta_marche_4.jpg 1000w, https:\/\/art-mu.fr\/wp-content\/uploads\/2022\/11\/2022_11_insta_marche_4-300x300.jpg 300w, https:\/\/art-mu.fr\/wp-content\/uploads\/2022\/11\/2022_11_insta_marche_4-150x150.jpg 150w, https:\/\/art-mu.fr\/wp-content\/uploads\/2022\/11\/2022_11_insta_marche_4-768x768.jpg 768w\" sizes=\"(max-width: 1000px) 100vw, 1000px\" \/><\/a><\/figure>\n\n\n\n<figure class=\"wp-block-image size-full\"><img loading=\"lazy\" decoding=\"async\" width=\"1000\" height=\"1000\" data-id=\"4568\" src=\"https:\/\/art-mu.fr\/wp-content\/uploads\/2022\/11\/2022_11_insta_marche-Noel-5.jpg\" alt=\"\" class=\"wp-image-4568\" srcset=\"https:\/\/art-mu.fr\/wp-content\/uploads\/2022\/11\/2022_11_insta_marche-Noel-5.jpg 1000w, https:\/\/art-mu.fr\/wp-content\/uploads\/2022\/11\/2022_11_insta_marche-Noel-5-300x300.jpg 300w, https:\/\/art-mu.fr\/wp-content\/uploads\/2022\/11\/2022_11_insta_marche-Noel-5-150x150.jpg 150w, https:\/\/art-mu.fr\/wp-content\/uploads\/2022\/11\/2022_11_insta_marche-Noel-5-768x768.jpg 768w\" sizes=\"(max-width: 1000px) 100vw, 1000px\" \/><\/figure>\n\n\n\n<figure class=\"wp-block-image size-full\"><img loading=\"lazy\" decoding=\"async\" width=\"1000\" height=\"1000\" data-id=\"4566\" src=\"https:\/\/art-mu.fr\/wp-content\/uploads\/2022\/11\/2022_11_insta_marche-Noel-6.jpg\" alt=\"\" class=\"wp-image-4566\" srcset=\"https:\/\/art-mu.fr\/wp-content\/uploads\/2022\/11\/2022_11_insta_marche-Noel-6.jpg 1000w, https:\/\/art-mu.fr\/wp-content\/uploads\/2022\/11\/2022_11_insta_marche-Noel-6-300x300.jpg 300w, https:\/\/art-mu.fr\/wp-content\/uploads\/2022\/11\/2022_11_insta_marche-Noel-6-150x150.jpg 150w, https:\/\/art-mu.fr\/wp-content\/uploads\/2022\/11\/2022_11_insta_marche-Noel-6-768x768.jpg 768w\" sizes=\"(max-width: 1000px) 100vw, 1000px\" \/><\/figure>\n\n\n\n<figure class=\"wp-block-image size-full\"><img loading=\"lazy\" decoding=\"async\" width=\"1000\" height=\"1000\" data-id=\"4569\" src=\"https:\/\/art-mu.fr\/wp-content\/uploads\/2022\/11\/2022_11_insta_marche-Noel-7.jpg\" alt=\"\" class=\"wp-image-4569\" srcset=\"https:\/\/art-mu.fr\/wp-content\/uploads\/2022\/11\/2022_11_insta_marche-Noel-7.jpg 1000w, https:\/\/art-mu.fr\/wp-content\/uploads\/2022\/11\/2022_11_insta_marche-Noel-7-300x300.jpg 300w, https:\/\/art-mu.fr\/wp-content\/uploads\/2022\/11\/2022_11_insta_marche-Noel-7-150x150.jpg 150w, https:\/\/art-mu.fr\/wp-content\/uploads\/2022\/11\/2022_11_insta_marche-Noel-7-768x768.jpg 768w\" sizes=\"(max-width: 1000px) 100vw, 1000px\" \/><\/figure>\n\n\n\n<figure class=\"wp-block-image size-full\"><img loading=\"lazy\" decoding=\"async\" width=\"1000\" height=\"1000\" data-id=\"4567\" src=\"https:\/\/art-mu.fr\/wp-content\/uploads\/2022\/11\/2022_11_insta_marche-Noel-8.jpg\" alt=\"\" class=\"wp-image-4567\" srcset=\"https:\/\/art-mu.fr\/wp-content\/uploads\/2022\/11\/2022_11_insta_marche-Noel-8.jpg 1000w, https:\/\/art-mu.fr\/wp-content\/uploads\/2022\/11\/2022_11_insta_marche-Noel-8-300x300.jpg 300w, https:\/\/art-mu.fr\/wp-content\/uploads\/2022\/11\/2022_11_insta_marche-Noel-8-150x150.jpg 150w, https:\/\/art-mu.fr\/wp-content\/uploads\/2022\/11\/2022_11_insta_marche-Noel-8-768x768.jpg 768w\" sizes=\"(max-width: 1000px) 100vw, 1000px\" \/><\/figure>\n<\/figure>\n","protected":false},"excerpt":{"rendered":"<p>Notre association a tenu un stand \u00ab\u00a0vide ateliers\u00a0\u00bb au march\u00e9 de No\u00ebl de la salle Europa \u00e0 Montigny l\u00e8s Metz du vendredi 25 novembre apr\u00e8s-midi au dimanche 27 au soir. Nous sommes loin d&rsquo;avoir vendu toutes les oeuvres propos\u00e9es mais plus de 1700 euros vont pouvoir \u00eatre ainsi vers\u00e9s aux Restos du Coeur. Merci aux [&hellip;]<\/p>\n","protected":false},"author":3,"featured_media":0,"comment_status":"closed","ping_status":"closed","sticky":false,"template":"","format":"standard","meta":{"footnotes":""},"categories":[1],"tags":[],"class_list":["post-4482","post","type-post","status-publish","format-standard","hentry","category-uncategorized"],"_links":{"self":[{"href":"https:\/\/art-mu.fr\/index.php?rest_route=\/wp\/v2\/posts\/4482","targetHints":{"allow":["GET"]}}],"collection":[{"href":"https:\/\/art-mu.fr\/index.php?rest_route=\/wp\/v2\/posts"}],"about":[{"href":"https:\/\/art-mu.fr\/index.php?rest_route=\/wp\/v2\/types\/post"}],"author":[{"embeddable":true,"href":"https:\/\/art-mu.fr\/index.php?rest_route=\/wp\/v2\/users\/3"}],"replies":[{"embeddable":true,"href":"https:\/\/art-mu.fr\/index.php?rest_route=%2Fwp%2Fv2%2Fcomments&post=4482"}],"version-history":[{"count":3,"href":"https:\/\/art-mu.fr\/index.php?rest_route=\/wp\/v2\/posts\/4482\/revisions"}],"predecessor-version":[{"id":4570,"href":"https:\/\/art-mu.fr\/index.php?rest_route=\/wp\/v2\/posts\/4482\/revisions\/4570"}],"wp:attachment":[{"href":"https:\/\/art-mu.fr\/index.php?rest_route=%2Fwp%2Fv2%2Fmedia&parent=4482"}],"wp:term":[{"taxonomy":"category","embeddable":true,"href":"https:\/\/art-mu.fr\/index.php?rest_route=%2Fwp%2Fv2%2Fcategories&post=4482"},{"taxonomy":"post_tag","embeddable":true,"href":"https:\/\/art-mu.fr\/index.php?rest_route=%2Fwp%2Fv2%2Ftags&post=4482"}],"curies":[{"name":"wp","href":"https:\/\/api.w.org\/{rel}","templated":true}]}}