{"id":3534,"date":"2022-05-25T10:20:09","date_gmt":"2022-05-25T08:20:09","guid":{"rendered":"https:\/\/art-mu.fr\/?p=3534"},"modified":"2022-05-25T10:21:14","modified_gmt":"2022-05-25T08:21:14","slug":"jean-denis-rejoint-notre-galerie-des-artistes","status":"publish","type":"post","link":"https:\/\/art-mu.fr\/?p=3534","title":{"rendered":"Jean-Denis rejoint notre galerie des artistes"},"content":{"rendered":"\n<p>Notre <a href=\"https:\/\/art-mu.fr\/?page_id=61\" data-type=\"page\" data-id=\"61\">galerie des artistes<\/a> vient d&rsquo;\u00eatre compl\u00e9t\u00e9e par quelques photos de sculptures et d&rsquo;un tableau de Jean Denis Bertipaglia.<\/p>\n\n\n\n<figure class=\"wp-block-gallery has-nested-images columns-default is-cropped wp-block-gallery-1 is-layout-flex wp-block-gallery-is-layout-flex\">\n<figure class=\"wp-block-image size-large\"><img fetchpriority=\"high\" decoding=\"async\" width=\"703\" height=\"1024\" data-id=\"3536\" src=\"https:\/\/art-mu.fr\/wp-content\/uploads\/2022\/05\/dbertip02-1-703x1024.jpg\" alt=\"\" class=\"wp-image-3536\" srcset=\"https:\/\/art-mu.fr\/wp-content\/uploads\/2022\/05\/dbertip02-1-703x1024.jpg 703w, https:\/\/art-mu.fr\/wp-content\/uploads\/2022\/05\/dbertip02-1-206x300.jpg 206w, https:\/\/art-mu.fr\/wp-content\/uploads\/2022\/05\/dbertip02-1-768x1118.jpg 768w, https:\/\/art-mu.fr\/wp-content\/uploads\/2022\/05\/dbertip02-1.jpg 1000w\" sizes=\"(max-width: 703px) 100vw, 703px\" \/><\/figure>\n<\/figure>\n\n\n\n<p>Rappelons que cette page permet aux membres de l&rsquo;association qui le souhaitent de pr\u00e9senter un petit aper\u00e7u de leurs r\u00e9alisations et les liens vers leurs sites et autres r\u00e9seaux sociaux.<\/p>\n\n\n\n<p>Ils peuvent \u00e9galement signaler leurs expositions ou participations \u00e0 des expositions collectives <a href=\"https:\/\/art-mu.fr\/?page_id=1872\" data-type=\"page\" data-id=\"1872\">sur notre page d\u00e9di\u00e9e<\/a><\/p>\n\n\n\n<p>Mais ne vous m\u00e9prenez pas, notre association est ouverte \u00e0 tous quelque soit leur niveau artistique et les d\u00e9butants y sont les bienvenus.<\/p>\n","protected":false},"excerpt":{"rendered":"<p>Notre galerie des artistes vient d&rsquo;\u00eatre compl\u00e9t\u00e9e par quelques photos de sculptures et d&rsquo;un tableau de Jean Denis Bertipaglia. Rappelons que cette page permet aux membres de l&rsquo;association qui le souhaitent de pr\u00e9senter un petit aper\u00e7u de leurs r\u00e9alisations et les liens vers leurs sites et autres r\u00e9seaux sociaux. Ils peuvent \u00e9galement signaler leurs expositions [&hellip;]<\/p>\n","protected":false},"author":3,"featured_media":0,"comment_status":"closed","ping_status":"closed","sticky":false,"template":"","format":"standard","meta":{"footnotes":""},"categories":[1],"tags":[],"class_list":["post-3534","post","type-post","status-publish","format-standard","hentry","category-uncategorized"],"_links":{"self":[{"href":"https:\/\/art-mu.fr\/index.php?rest_route=\/wp\/v2\/posts\/3534","targetHints":{"allow":["GET"]}}],"collection":[{"href":"https:\/\/art-mu.fr\/index.php?rest_route=\/wp\/v2\/posts"}],"about":[{"href":"https:\/\/art-mu.fr\/index.php?rest_route=\/wp\/v2\/types\/post"}],"author":[{"embeddable":true,"href":"https:\/\/art-mu.fr\/index.php?rest_route=\/wp\/v2\/users\/3"}],"replies":[{"embeddable":true,"href":"https:\/\/art-mu.fr\/index.php?rest_route=%2Fwp%2Fv2%2Fcomments&post=3534"}],"version-history":[{"count":2,"href":"https:\/\/art-mu.fr\/index.php?rest_route=\/wp\/v2\/posts\/3534\/revisions"}],"predecessor-version":[{"id":3537,"href":"https:\/\/art-mu.fr\/index.php?rest_route=\/wp\/v2\/posts\/3534\/revisions\/3537"}],"wp:attachment":[{"href":"https:\/\/art-mu.fr\/index.php?rest_route=%2Fwp%2Fv2%2Fmedia&parent=3534"}],"wp:term":[{"taxonomy":"category","embeddable":true,"href":"https:\/\/art-mu.fr\/index.php?rest_route=%2Fwp%2Fv2%2Fcategories&post=3534"},{"taxonomy":"post_tag","embeddable":true,"href":"https:\/\/art-mu.fr\/index.php?rest_route=%2Fwp%2Fv2%2Ftags&post=3534"}],"curies":[{"name":"wp","href":"https:\/\/api.w.org\/{rel}","templated":true}]}}