{"id":3232,"date":"2021-12-12T09:56:34","date_gmt":"2021-12-12T07:56:34","guid":{"rendered":"https:\/\/art-mu.fr\/?p=3232"},"modified":"2021-12-14T12:44:51","modified_gmt":"2021-12-14T10:44:51","slug":"un-cours-de-modele-vivant-en-decembre-2021","status":"publish","type":"post","link":"https:\/\/art-mu.fr\/?p=3232","title":{"rendered":"Compte-rendus photos des divers cours et ateliers de fin 2021"},"content":{"rendered":"\n<figure class=\"wp-block-gallery columns-1 is-cropped wp-block-gallery-1 is-layout-flex wp-block-gallery-is-layout-flex\"><ul class=\"blocks-gallery-grid\"><li class=\"blocks-gallery-item\"><figure><a href=\"https:\/\/art-mu.fr\/wp-content\/uploads\/2021\/12\/2021_12_cmv_A03b-1.jpg\"><img fetchpriority=\"high\" decoding=\"async\" width=\"720\" height=\"1000\" src=\"https:\/\/art-mu.fr\/wp-content\/uploads\/2021\/12\/2021_12_cmv_A03b-1.jpg\" alt=\"\" data-id=\"3233\" data-full-url=\"https:\/\/art-mu.fr\/wp-content\/uploads\/2021\/12\/2021_12_cmv_A03b-1.jpg\" data-link=\"https:\/\/art-mu.fr\/?attachment_id=3233\" class=\"wp-image-3233\" srcset=\"https:\/\/art-mu.fr\/wp-content\/uploads\/2021\/12\/2021_12_cmv_A03b-1.jpg 720w, https:\/\/art-mu.fr\/wp-content\/uploads\/2021\/12\/2021_12_cmv_A03b-1-216x300.jpg 216w\" sizes=\"(max-width: 720px) 100vw, 720px\" \/><\/a><\/figure><\/li><\/ul><\/figure>\n\n\n\n<p>Les contraintes sanitaires ont permis la tenue des diff\u00e9rents ateliers de septembre \u00e0 d\u00e9cembre 2021 (avec port du masque en d\u00e9cembre)<\/p>\n\n\n\n<p>Nous vous proposons des compte-rendus photos des <strong>ateliers mod\u00e8le vivant <\/strong>(<a href=\"https:\/\/art-mu.fr\/?page_id=3240\" data-type=\"page\" data-id=\"3240\">r\u00e9sum\u00e9 des 7 s\u00e9ances<\/a>), <strong>cours de mod\u00e8le vivant<\/strong> (<a href=\"https:\/\/art-mu.fr\/?page_id=3161\" data-type=\"page\" data-id=\"3161\">la s\u00e9ance de mi-d\u00e9cembre<\/a>), cours <strong>De la Trace \u00e0 la Lettre<\/strong> (<a href=\"https:\/\/art-mu.fr\/?page_id=3323\" data-type=\"page\" data-id=\"3323\">deux s\u00e9ances<\/a>), et cours de <strong>gravure sur Tetrapak<\/strong> (<a href=\"https:\/\/art-mu.fr\/?page_id=3333\" data-type=\"page\" data-id=\"3333\">trois s\u00e9ances<\/a>)<\/p>\n\n\n\n<p>D\u00e9sol\u00e9 mais il n&rsquo;a pas \u00e9t\u00e9 fait de photos des ateliers libres de peinture des jeudi apr\u00e8s-midi&#8230;<\/p>\n\n\n\n<p>Rendez-vous en janvier pour la suite (<a href=\"https:\/\/art-mu.fr\/?page_id=66\" data-type=\"page\" data-id=\"66\">voir le calendrier<\/a>) quoique l&rsquo;atelier de peinture du jeudi ne s&rsquo;interrompe qu&rsquo;entre les f\u00eates&#8230;<\/p>\n","protected":false},"excerpt":{"rendered":"<p>Les contraintes sanitaires ont permis la tenue des diff\u00e9rents ateliers de septembre \u00e0 d\u00e9cembre 2021 (avec port du masque en d\u00e9cembre) Nous vous proposons des compte-rendus photos des ateliers mod\u00e8le vivant (r\u00e9sum\u00e9 des 7 s\u00e9ances), cours de mod\u00e8le vivant (la s\u00e9ance de mi-d\u00e9cembre), cours De la Trace \u00e0 la Lettre (deux s\u00e9ances), et cours de [&hellip;]<\/p>\n","protected":false},"author":3,"featured_media":0,"comment_status":"closed","ping_status":"open","sticky":false,"template":"","format":"standard","meta":{"footnotes":""},"categories":[1],"tags":[],"class_list":["post-3232","post","type-post","status-publish","format-standard","hentry","category-uncategorized"],"_links":{"self":[{"href":"https:\/\/art-mu.fr\/index.php?rest_route=\/wp\/v2\/posts\/3232","targetHints":{"allow":["GET"]}}],"collection":[{"href":"https:\/\/art-mu.fr\/index.php?rest_route=\/wp\/v2\/posts"}],"about":[{"href":"https:\/\/art-mu.fr\/index.php?rest_route=\/wp\/v2\/types\/post"}],"author":[{"embeddable":true,"href":"https:\/\/art-mu.fr\/index.php?rest_route=\/wp\/v2\/users\/3"}],"replies":[{"embeddable":true,"href":"https:\/\/art-mu.fr\/index.php?rest_route=%2Fwp%2Fv2%2Fcomments&post=3232"}],"version-history":[{"count":4,"href":"https:\/\/art-mu.fr\/index.php?rest_route=\/wp\/v2\/posts\/3232\/revisions"}],"predecessor-version":[{"id":3380,"href":"https:\/\/art-mu.fr\/index.php?rest_route=\/wp\/v2\/posts\/3232\/revisions\/3380"}],"wp:attachment":[{"href":"https:\/\/art-mu.fr\/index.php?rest_route=%2Fwp%2Fv2%2Fmedia&parent=3232"}],"wp:term":[{"taxonomy":"category","embeddable":true,"href":"https:\/\/art-mu.fr\/index.php?rest_route=%2Fwp%2Fv2%2Fcategories&post=3232"},{"taxonomy":"post_tag","embeddable":true,"href":"https:\/\/art-mu.fr\/index.php?rest_route=%2Fwp%2Fv2%2Ftags&post=3232"}],"curies":[{"name":"wp","href":"https:\/\/api.w.org\/{rel}","templated":true}]}}