{"id":3093,"date":"2021-10-12T17:12:27","date_gmt":"2021-10-12T15:12:27","guid":{"rendered":"https:\/\/art-mu.fr\/?p=3093"},"modified":"2021-11-28T18:41:12","modified_gmt":"2021-11-28T16:41:12","slug":"seance-supplementaire-de-latelier-modele-vivant-le-18-octobre","status":"publish","type":"post","link":"https:\/\/art-mu.fr\/?p=3093","title":{"rendered":"Assembl\u00e9e g\u00e9n\u00e9rale le lundi 15 novembre"},"content":{"rendered":"\n<p>Elle a eu lieu le lundi 15 novembre de 18h \u00e0 21h \u00e0 la salle de la Paix de l&rsquo;espace EUROPA 73 rue de Pont-\u00e0-Mousson.. <\/p>\n\n\n\n<p>Bient\u00f4t le r\u00e9sum\u00e9 du compte-rendu et la photo habituelle sur le pr\u00e9sent site&#8230;.<\/p>\n","protected":false},"excerpt":{"rendered":"<p>Elle a eu lieu le lundi 15 novembre de 18h \u00e0 21h \u00e0 la salle de la Paix de l&rsquo;espace EUROPA 73 rue de Pont-\u00e0-Mousson.. Bient\u00f4t le r\u00e9sum\u00e9 du compte-rendu et la photo habituelle sur le pr\u00e9sent site&#8230;.<\/p>\n","protected":false},"author":3,"featured_media":0,"comment_status":"closed","ping_status":"closed","sticky":false,"template":"","format":"standard","meta":{"footnotes":""},"categories":[1],"tags":[],"class_list":["post-3093","post","type-post","status-publish","format-standard","hentry","category-uncategorized"],"_links":{"self":[{"href":"https:\/\/art-mu.fr\/index.php?rest_route=\/wp\/v2\/posts\/3093","targetHints":{"allow":["GET"]}}],"collection":[{"href":"https:\/\/art-mu.fr\/index.php?rest_route=\/wp\/v2\/posts"}],"about":[{"href":"https:\/\/art-mu.fr\/index.php?rest_route=\/wp\/v2\/types\/post"}],"author":[{"embeddable":true,"href":"https:\/\/art-mu.fr\/index.php?rest_route=\/wp\/v2\/users\/3"}],"replies":[{"embeddable":true,"href":"https:\/\/art-mu.fr\/index.php?rest_route=%2Fwp%2Fv2%2Fcomments&post=3093"}],"version-history":[{"count":4,"href":"https:\/\/art-mu.fr\/index.php?rest_route=\/wp\/v2\/posts\/3093\/revisions"}],"predecessor-version":[{"id":3135,"href":"https:\/\/art-mu.fr\/index.php?rest_route=\/wp\/v2\/posts\/3093\/revisions\/3135"}],"wp:attachment":[{"href":"https:\/\/art-mu.fr\/index.php?rest_route=%2Fwp%2Fv2%2Fmedia&parent=3093"}],"wp:term":[{"taxonomy":"category","embeddable":true,"href":"https:\/\/art-mu.fr\/index.php?rest_route=%2Fwp%2Fv2%2Fcategories&post=3093"},{"taxonomy":"post_tag","embeddable":true,"href":"https:\/\/art-mu.fr\/index.php?rest_route=%2Fwp%2Fv2%2Ftags&post=3093"}],"curies":[{"name":"wp","href":"https:\/\/api.w.org\/{rel}","templated":true}]}}